
{"id":809,"date":"2017-02-14T15:05:40","date_gmt":"2017-02-14T14:05:40","guid":{"rendered":"https:\/\/www.legrandjardindelisabeth.com\/site\/?p=809"},"modified":"2017-02-22T17:39:49","modified_gmt":"2017-02-22T16:39:49","slug":"809-2","status":"publish","type":"post","link":"https:\/\/www.legrandjardindelisabeth.com\/site\/809-2\/?lang=fr","title":{"rendered":"Atelier de confection de pain \u00e0 l&rsquo;ancienne"},"content":{"rendered":"<p><strong>Samedi 4 f\u00e9vrier<\/strong>, Le Grand Jardin a accueilli Jean Boulnois comme chef d\u2019orchestre d\u2019un atelier de confection de pain.<\/p>\n<p>Notre objectif\u00a0\u00e9tait de se r\u00e9unir, lors d\u2019un cours de cuisine, pendant une journ\u00e9e enti\u00e8re et apprendre tous ensemble la confection du pain de A \u00e0 Z\u00a0!<\/p>\n<p>Jean et Elisabeth se sont attel\u00e9s \u00e0 faire re-d\u00e9couvrir <strong>la fabrication \u00e0 l\u2019ancienne du pain au levain<\/strong>. Cette m\u00e9thode, trop souvent oubli\u00e9e ou d\u00e9laiss\u00e9e, mais plus adapt\u00e9es \u00e0 notre organisme nous permet de mieux comprendre les processus chimiques et biologiques qui op\u00e8rent lors de la fermentation.<\/p>\n<p>Lien :\u00a0<a href=\"https:\/\/www.legrandjardindelisabeth.com\/site\/galerie-photo\/atelier-confection-de-pain\/\">photos<\/a><\/p>\n<p><em>Pour continuer nos ateliers de d\u00e9couverte en cuisine, nous vous informerons bient\u00f4t de la mise en place d\u2019un cours sur la lacto-fermentation.<\/em><\/p>","protected":false},"excerpt":{"rendered":"<p>Samedi 4 f\u00e9vrier, Le Grand Jardin a accueilli Jean Boulnois comme chef d\u2019orchestre d\u2019un atelier de confection de pain. Notre objectif\u00a0\u00e9tait de se r\u00e9unir, lors d\u2019un cours de cuisine, pendant une journ\u00e9e enti\u00e8re et apprendre tous ensemble la confection du pain de A \u00e0 Z\u00a0! Jean et Elisabeth se sont attel\u00e9s \u00e0 faire re-d\u00e9couvrir la &#8230; <a class=\"read-more\" href=\"https:\/\/www.legrandjardindelisabeth.com\/site\/809-2\/?lang=fr\">Lire plus&#8230;<\/a><\/p>\n","protected":false},"author":2,"featured_media":0,"comment_status":"closed","ping_status":"open","sticky":false,"template":"","format":"standard","meta":{"footnotes":""},"categories":[1],"tags":[],"class_list":["post-809","post","type-post","status-publish","format-standard","hentry","category-actualites"],"aioseo_notices":[],"_links":{"self":[{"href":"https:\/\/www.legrandjardindelisabeth.com\/site\/wp-json\/wp\/v2\/posts\/809","targetHints":{"allow":["GET"]}}],"collection":[{"href":"https:\/\/www.legrandjardindelisabeth.com\/site\/wp-json\/wp\/v2\/posts"}],"about":[{"href":"https:\/\/www.legrandjardindelisabeth.com\/site\/wp-json\/wp\/v2\/types\/post"}],"author":[{"embeddable":true,"href":"https:\/\/www.legrandjardindelisabeth.com\/site\/wp-json\/wp\/v2\/users\/2"}],"replies":[{"embeddable":true,"href":"https:\/\/www.legrandjardindelisabeth.com\/site\/wp-json\/wp\/v2\/comments?post=809"}],"version-history":[{"count":6,"href":"https:\/\/www.legrandjardindelisabeth.com\/site\/wp-json\/wp\/v2\/posts\/809\/revisions"}],"predecessor-version":[{"id":858,"href":"https:\/\/www.legrandjardindelisabeth.com\/site\/wp-json\/wp\/v2\/posts\/809\/revisions\/858"}],"wp:attachment":[{"href":"https:\/\/www.legrandjardindelisabeth.com\/site\/wp-json\/wp\/v2\/media?parent=809"}],"wp:term":[{"taxonomy":"category","embeddable":true,"href":"https:\/\/www.legrandjardindelisabeth.com\/site\/wp-json\/wp\/v2\/categories?post=809"},{"taxonomy":"post_tag","embeddable":true,"href":"https:\/\/www.legrandjardindelisabeth.com\/site\/wp-json\/wp\/v2\/tags?post=809"}],"curies":[{"name":"wp","href":"https:\/\/api.w.org\/{rel}","templated":true}]}}